{"id":9791,"date":"2024-10-20T12:41:36","date_gmt":"2024-10-20T10:41:36","guid":{"rendered":"https:\/\/clg-peguy-lechesnay.ac-versailles.fr\/?p=9791"},"modified":"2024-11-02T12:42:07","modified_gmt":"2024-11-02T11:42:07","slug":"as-raid-une-variete-enrichissante","status":"publish","type":"post","link":"https:\/\/clg-peguy-lechesnay.ac-versailles.fr\/?p=9791","title":{"rendered":"AS RAID : une vari\u00e9t\u00e9 enrichissante"},"content":{"rendered":"<p>Avec la rentr\u00e9e scolaire, les \u00e9l\u00e8ves du coll\u00e8ge ont pu renouer avec l\u2019activit\u00e9 physique au travers d\u2019un programme sportif vari\u00e9 et enrichissant. D\u00e8s les premi\u00e8res semaines, ils ont eu l\u2019occasion de s\u2019initier au biathlon, une discipline qui combine VTT et tir \u00e0 l\u2019arc. Cette premi\u00e8re s\u00e9ance a permis aux \u00e9l\u00e8ves de d\u00e9couvrir les bases de ce sport exigeant, alliant endurance et pr\u00e9cision.<\/p>\n<div>\u200b<\/div>\n<div>Les semaines suivantes, les activit\u00e9s ont pris un tournant plus aventurier avec des s\u00e9ances en for\u00eat, o\u00f9 les \u00e9l\u00e8ves ont pu s\u2019initier au trail et \u00e0 la course d&rsquo;orientation. Ces sorties en milieu naturel ont favoris\u00e9 le travail d\u2019\u00e9quipe et ont permis aux \u00e9l\u00e8ves de d\u00e9velopper leur sens de l\u2019orientation tout en profitant des bienfaits de la nature. Les parcours vari\u00e9s ont mis \u00e0 l\u2019\u00e9preuve leur endurance, mais \u00e9galement leur capacit\u00e9 \u00e0 se soutenir les uns les autres dans l\u2019effort.<\/div>\n<div>\u200b<\/div>\n<div>Le bilan de cette premi\u00e8re p\u00e9riode est tr\u00e8s positif. Les \u00e9l\u00e8ves ont d\u00e9montr\u00e9 un courage remarquable face aux d\u00e9fis physiques, tout en faisant preuve d\u2019entraide et de solidarit\u00e9. Ces activit\u00e9s sportives ont non seulement contribu\u00e9 \u00e0 leur bien-\u00eatre physique, mais ont \u00e9galement renforc\u00e9 les liens entre camarades, favorisant un esprit d\u2019\u00e9quipe dynamique.<\/div>\n<div>\u200b<\/div>\n<div>Certains \u00e9l\u00e8ves de l\u2019AS RAID ont pu se mettre au d\u00e9fis lors du CROSS du district. L\u2019un de nos \u00e9l\u00e8ves s\u2019est m\u00eame offert une qualification pour le CROSS d\u00e9partemental. Il sera accompagn\u00e9 de deux autres \u00e9l\u00e8ves venant d\u2019autres AS.<\/div>\n<div>\u200b<\/div>\n<div>Vivement la reprise et se mettre un peu plus sur les VTT et vivre de nouvelles aventures.<\/div>\n<div>\n\n\t\t<div id='gallery-1' class='gallery galleryid-9791 gallery-columns-3 gallery-size-thumbnail gallery1'><script type=\"text\/javascript\">\r\n\/\/ <![CDATA[\r\n\tjQuery(document).ready(function () {\r\n\t\tjQuery(\".gallery1 a\").attr(\"rel\",\"gallery1\");\t\r\n\t\tjQuery('a[rel=\"gallery1\"]').colorbox({maxWidth:\"95%\", maxHeight:\"95%\",title: function(){ return jQuery(this).children().attr(\"alt\"); }, });\r\n\t});\r\n\/\/ ]]>\r\n<\/script>\n<figure class=\"gallery-item\">\n<div class=\"gallery-icon\">\r\n<a href=\"https:\/\/clg-peguy-lechesnay.ac-versailles.fr\/wp-content\/uploads\/sites\/308\/2024\/11\/IMG_6414-400x300.jpeg\" title=\"\" rel=\"gallery1\"><img loading=\"lazy\" decoding=\"async\" src=\"https:\/\/clg-peguy-lechesnay.ac-versailles.fr\/wp-content\/uploads\/sites\/308\/2024\/11\/IMG_6414-200x200.jpeg\" width=\"200\" height=\"200\" alt=\"\" \/><\/a>\r\n<\/div><\/figure><figure class=\"gallery-item\">\n<div class=\"gallery-icon\">\r\n<a href=\"https:\/\/clg-peguy-lechesnay.ac-versailles.fr\/wp-content\/uploads\/sites\/308\/2024\/11\/IMG_6496-225x300.jpeg\" title=\"\" rel=\"gallery1\"><img loading=\"lazy\" decoding=\"async\" src=\"https:\/\/clg-peguy-lechesnay.ac-versailles.fr\/wp-content\/uploads\/sites\/308\/2024\/11\/IMG_6496-200x200.jpeg\" width=\"200\" height=\"200\" alt=\"\" \/><\/a>\r\n<\/div><\/figure><figure class=\"gallery-item\">\n<div class=\"gallery-icon\">\r\n<a href=\"https:\/\/clg-peguy-lechesnay.ac-versailles.fr\/wp-content\/uploads\/sites\/308\/2024\/11\/IMG_6494-225x300.jpeg\" title=\"\" rel=\"gallery1\"><img loading=\"lazy\" decoding=\"async\" src=\"https:\/\/clg-peguy-lechesnay.ac-versailles.fr\/wp-content\/uploads\/sites\/308\/2024\/11\/IMG_6494-200x200.jpeg\" width=\"200\" height=\"200\" alt=\"\" \/><\/a>\r\n<\/div><\/figure>\r\n\t\t<\/div>\n\n<\/div>\n","protected":false},"excerpt":{"rendered":"<p>Avec la rentr\u00e9e scolaire, les \u00e9l\u00e8ves du coll\u00e8ge ont pu renouer avec l\u2019activit\u00e9 physique au travers d\u2019un programme sportif vari\u00e9<\/p>\n","protected":false},"author":2028,"featured_media":9794,"comment_status":"closed","ping_status":"closed","sticky":false,"template":"","format":"standard","meta":{"colormag_page_container_layout":"default_layout","colormag_page_sidebar_layout":"default_layout","_crdt_document":"","footnotes":""},"categories":[25,101],"tags":[],"class_list":["post-9791","post","type-post","status-publish","format-standard","has-post-thumbnail","hentry","category-as","category-as-vtt"],"_links":{"self":[{"href":"https:\/\/clg-peguy-lechesnay.ac-versailles.fr\/index.php?rest_route=\/wp\/v2\/posts\/9791","targetHints":{"allow":["GET"]}}],"collection":[{"href":"https:\/\/clg-peguy-lechesnay.ac-versailles.fr\/index.php?rest_route=\/wp\/v2\/posts"}],"about":[{"href":"https:\/\/clg-peguy-lechesnay.ac-versailles.fr\/index.php?rest_route=\/wp\/v2\/types\/post"}],"author":[{"embeddable":true,"href":"https:\/\/clg-peguy-lechesnay.ac-versailles.fr\/index.php?rest_route=\/wp\/v2\/users\/2028"}],"replies":[{"embeddable":true,"href":"https:\/\/clg-peguy-lechesnay.ac-versailles.fr\/index.php?rest_route=%2Fwp%2Fv2%2Fcomments&post=9791"}],"version-history":[{"count":1,"href":"https:\/\/clg-peguy-lechesnay.ac-versailles.fr\/index.php?rest_route=\/wp\/v2\/posts\/9791\/revisions"}],"predecessor-version":[{"id":9795,"href":"https:\/\/clg-peguy-lechesnay.ac-versailles.fr\/index.php?rest_route=\/wp\/v2\/posts\/9791\/revisions\/9795"}],"wp:featuredmedia":[{"embeddable":true,"href":"https:\/\/clg-peguy-lechesnay.ac-versailles.fr\/index.php?rest_route=\/wp\/v2\/media\/9794"}],"wp:attachment":[{"href":"https:\/\/clg-peguy-lechesnay.ac-versailles.fr\/index.php?rest_route=%2Fwp%2Fv2%2Fmedia&parent=9791"}],"wp:term":[{"taxonomy":"category","embeddable":true,"href":"https:\/\/clg-peguy-lechesnay.ac-versailles.fr\/index.php?rest_route=%2Fwp%2Fv2%2Fcategories&post=9791"},{"taxonomy":"post_tag","embeddable":true,"href":"https:\/\/clg-peguy-lechesnay.ac-versailles.fr\/index.php?rest_route=%2Fwp%2Fv2%2Ftags&post=9791"}],"curies":[{"name":"wp","href":"https:\/\/api.w.org\/{rel}","templated":true}]}}