{"id":9362,"date":"2024-05-30T15:18:08","date_gmt":"2024-05-30T13:18:08","guid":{"rendered":"https:\/\/clg-peguy-lechesnay.ac-versailles.fr\/?p=9362"},"modified":"2025-07-02T07:50:21","modified_gmt":"2025-07-02T05:50:21","slug":"hameconnage-sur-internet-des-eleves-formes-aux-menaces-cyber","status":"publish","type":"post","link":"https:\/\/clg-peguy-lechesnay.ac-versailles.fr\/?p=9362","title":{"rendered":"Hame\u00e7onnage sur Internet\u00a0: des \u00e9l\u00e8ves form\u00e9s aux menaces cyber"},"content":{"rendered":"\n<p class=\"wp-block-paragraph\">Une exp\u00e9rimentation coordonn\u00e9e par l\u2019\u00c9ducation nationale et la gendarmerie aupr\u00e8s des \u00e9l\u00e8ves du coll\u00e8ge Charles-P\u00e9guy du\u00a0Chesnay-Rocquencourt.<\/p>\n\n\n\n<div class=\"wp-block-media-text is-stacked-on-mobile\" style=\"grid-template-columns:24% auto\"><figure class=\"wp-block-media-text__media\"><img loading=\"lazy\" decoding=\"async\" width=\"819\" height=\"1024\" src=\"https:\/\/clg-peguy-lechesnay.ac-versailles.fr\/wp-content\/uploads\/sites\/308\/2024\/06\/445713233_437678109017777_6120441088037574772_n-819x1024.jpg\" alt=\"\" class=\"wp-image-9363 size-full\" srcset=\"https:\/\/clg-peguy-lechesnay.ac-versailles.fr\/wp-content\/uploads\/sites\/308\/2024\/06\/445713233_437678109017777_6120441088037574772_n-819x1024.jpg 819w, https:\/\/clg-peguy-lechesnay.ac-versailles.fr\/wp-content\/uploads\/sites\/308\/2024\/06\/445713233_437678109017777_6120441088037574772_n-240x300.jpg 240w, https:\/\/clg-peguy-lechesnay.ac-versailles.fr\/wp-content\/uploads\/sites\/308\/2024\/06\/445713233_437678109017777_6120441088037574772_n-768x960.jpg 768w, https:\/\/clg-peguy-lechesnay.ac-versailles.fr\/wp-content\/uploads\/sites\/308\/2024\/06\/445713233_437678109017777_6120441088037574772_n.jpg 1229w\" sizes=\"auto, (max-width: 819px) 100vw, 819px\" \/><\/figure><div class=\"wp-block-media-text__content\">\n<p class=\"wp-block-paragraph\">Nous avons eu la chance de recevoir les \u00e9quipes de cyber s\u00e9curit\u00e9 de la <a href=\"https:\/\/www.facebook.com\/gendarmerienationale?__cft__[0]=AZXVaFszk8ZJxUewxS3FxHA729w8vhRwPAlPgrVU8-8TFkOthR8a6zvioVWslIkE_nN4IAUFdxj74wCkctsglLoc1ZYtMoLNOiR_z6oo6vKgskx6V3nh1oGH7aT4ShtWprBvS-JJTgC2A7Mw0aB_JXvsjwE62YKyQOdLrhcP_3Otbqhcc9tW_OJH5lPn8uEAltkoY7DV8IVFAlGqWVsDbtDH&amp;__tn__=-]K-R\">Gendarmerie nationale<\/a> pour une sensibilisation \u00e0 la s\u00e9curit\u00e9 sur internet.<\/p>\n\n\n\n<p class=\"wp-block-paragraph\">La semaine derni\u00e8re, tous les \u00e9l\u00e8ves des Yvelines et de l&rsquo;acad\u00e9mie d&rsquo;Orl\u00e9ans-Tours ont re\u00e7u un faux mail de phishing sur la messagerie de l&rsquo;ENT.<\/p>\n\n\n\n<p class=\"wp-block-paragraph\">Au lieu de vies infinies dans leur jeu pr\u00e9f\u00e9r\u00e9, ils ont re\u00e7u un message de pr\u00e9vention<img loading=\"lazy\" decoding=\"async\" height=\"16\" width=\"16\" alt=\"\ud83d\ude05\" src=\"https:\/\/static.xx.fbcdn.net\/images\/emoji.php\/v9\/t53\/1\/16\/1f605.png\" \/><\/p>\n\n\n\n<p class=\"wp-block-paragraph\"><a href=\"https:\/\/www.cybermalveillance.gouv.fr\/...\/action...\">https:\/\/www.cybermalveillance.gouv.fr\/&#8230;\/action&#8230;<\/a><\/p>\n<\/div><\/div>\n\n\n\n<div style=\"height:25px\" aria-hidden=\"true\" class=\"wp-block-spacer\"><\/div>\n\n\n\n<div class=\"wp-block-media-text has-media-on-the-right is-stacked-on-mobile\" style=\"grid-template-columns:auto 15%\"><div class=\"wp-block-media-text__content\">\n<p class=\"wp-block-paragraph\">C\u2019\u00e9tait l&rsquo;occasion donc de faire une action de pr\u00e9vention sur les dangers d&rsquo;internet et la protection des donn\u00e9es personnelles.<\/p>\n\n\n\n<p class=\"wp-block-paragraph\">Plusieurs m\u00e9dias \u00e9taient pr\u00e9sents pour couvrir cette premi\u00e8re,&nbsp;<a href=\"https:\/\/www.facebook.com\/franceinter?__cft__[0]=AZXVaFszk8ZJxUewxS3FxHA729w8vhRwPAlPgrVU8-8TFkOthR8a6zvioVWslIkE_nN4IAUFdxj74wCkctsglLoc1ZYtMoLNOiR_z6oo6vKgskx6V3nh1oGH7aT4ShtWprBvS-JJTgC2A7Mw0aB_JXvsjwE62YKyQOdLrhcP_3Otbqhcc9tW_OJH5lPn8uEAltkoY7DV8IVFAlGqWVsDbtDH&amp;__tn__=-]K-R\">France Inter<\/a>&nbsp;,&nbsp;<a href=\"https:\/\/www.facebook.com\/Europe1?__cft__[0]=AZXVaFszk8ZJxUewxS3FxHA729w8vhRwPAlPgrVU8-8TFkOthR8a6zvioVWslIkE_nN4IAUFdxj74wCkctsglLoc1ZYtMoLNOiR_z6oo6vKgskx6V3nh1oGH7aT4ShtWprBvS-JJTgC2A7Mw0aB_JXvsjwE62YKyQOdLrhcP_3Otbqhcc9tW_OJH5lPn8uEAltkoY7DV8IVFAlGqWVsDbtDH&amp;__tn__=-]K-R\">Europe 1<\/a>,&nbsp;<a href=\"https:\/\/www.facebook.com\/M6?__cft__[0]=AZXVaFszk8ZJxUewxS3FxHA729w8vhRwPAlPgrVU8-8TFkOthR8a6zvioVWslIkE_nN4IAUFdxj74wCkctsglLoc1ZYtMoLNOiR_z6oo6vKgskx6V3nh1oGH7aT4ShtWprBvS-JJTgC2A7Mw0aB_JXvsjwE62YKyQOdLrhcP_3Otbqhcc9tW_OJH5lPn8uEAltkoY7DV8IVFAlGqWVsDbtDH&amp;__tn__=-]K-R\">M6<\/a>,&nbsp;<a href=\"https:\/\/www.facebook.com\/leparisien?__cft__[0]=AZXVaFszk8ZJxUewxS3FxHA729w8vhRwPAlPgrVU8-8TFkOthR8a6zvioVWslIkE_nN4IAUFdxj74wCkctsglLoc1ZYtMoLNOiR_z6oo6vKgskx6V3nh1oGH7aT4ShtWprBvS-JJTgC2A7Mw0aB_JXvsjwE62YKyQOdLrhcP_3Otbqhcc9tW_OJH5lPn8uEAltkoY7DV8IVFAlGqWVsDbtDH&amp;__tn__=-]K-R\">Le Parisien<\/a>&nbsp;Vous pourrez retrouver cette intervention dans leurs journaux \u00e0 partir de demain.<\/p>\n<\/div><figure class=\"wp-block-media-text__media\"><img loading=\"lazy\" decoding=\"async\" width=\"819\" height=\"1024\" src=\"https:\/\/clg-peguy-lechesnay.ac-versailles.fr\/wp-content\/uploads\/sites\/308\/2024\/06\/445171047_437667155685539_4493925430672517426_n-819x1024.jpg\" alt=\"\" class=\"wp-image-9364 size-full\" srcset=\"https:\/\/clg-peguy-lechesnay.ac-versailles.fr\/wp-content\/uploads\/sites\/308\/2024\/06\/445171047_437667155685539_4493925430672517426_n-819x1024.jpg 819w, https:\/\/clg-peguy-lechesnay.ac-versailles.fr\/wp-content\/uploads\/sites\/308\/2024\/06\/445171047_437667155685539_4493925430672517426_n-240x300.jpg 240w, https:\/\/clg-peguy-lechesnay.ac-versailles.fr\/wp-content\/uploads\/sites\/308\/2024\/06\/445171047_437667155685539_4493925430672517426_n-768x960.jpg 768w, https:\/\/clg-peguy-lechesnay.ac-versailles.fr\/wp-content\/uploads\/sites\/308\/2024\/06\/445171047_437667155685539_4493925430672517426_n-1229x1536.jpg 1229w, https:\/\/clg-peguy-lechesnay.ac-versailles.fr\/wp-content\/uploads\/sites\/308\/2024\/06\/445171047_437667155685539_4493925430672517426_n.jpg 1536w\" sizes=\"auto, (max-width: 819px) 100vw, 819px\" \/><\/figure><\/div>\n\n\n\n<div style=\"height:25px\" aria-hidden=\"true\" class=\"wp-block-spacer\"><\/div>\n\n\n\n<p class=\"wp-block-paragraph\">Le Parisien ce matin:\u00a0<a href=\"https:\/\/www.leparisien.fr\/yvelines-78\/hameconnage-sur-internet-les-yvelines-en-premiere-ligne-pour-former-les-eleves-aux-menaces-cyber-30-05-2024-4Q7Z6CVLCFDVZFGYCCHKREROSQ.php?ts=1717047251296\" target=\"_blank\" rel=\"noreferrer noopener nofollow\">https:\/\/www.leparisien.fr\/yvelines-78\/hameconnage-sur-internet-les-yvelines-en-premiere-ligne-pour-former-les-eleves-aux-menaces-cyber-30-05-2024-4Q7Z6CVLCFDVZFGYCCHKREROSQ.php?ts=1717047251296<\/a><\/p>\n\n\n\n<figure class=\"wp-block-gallery has-nested-images columns-default is-cropped wp-block-gallery-1 is-layout-flex wp-block-gallery-is-layout-flex\">\n<figure class=\"wp-block-image size-medium\"><a href=\"https:\/\/clg-peguy-lechesnay.ac-versailles.fr\/wp-content\/uploads\/sites\/308\/2024\/06\/444236948_437663809019207_8750282031452770411_n.jpg\" target=\"_blank\" rel=\"noopener\"><img loading=\"lazy\" decoding=\"async\" width=\"240\" height=\"300\" data-id=\"9365\" src=\"https:\/\/clg-peguy-lechesnay.ac-versailles.fr\/wp-content\/uploads\/sites\/308\/2024\/06\/444236948_437663809019207_8750282031452770411_n-240x300.jpg\" alt=\"\" class=\"wp-image-9365\" srcset=\"https:\/\/clg-peguy-lechesnay.ac-versailles.fr\/wp-content\/uploads\/sites\/308\/2024\/06\/444236948_437663809019207_8750282031452770411_n-240x300.jpg 240w, https:\/\/clg-peguy-lechesnay.ac-versailles.fr\/wp-content\/uploads\/sites\/308\/2024\/06\/444236948_437663809019207_8750282031452770411_n-819x1024.jpg 819w, https:\/\/clg-peguy-lechesnay.ac-versailles.fr\/wp-content\/uploads\/sites\/308\/2024\/06\/444236948_437663809019207_8750282031452770411_n-768x960.jpg 768w, https:\/\/clg-peguy-lechesnay.ac-versailles.fr\/wp-content\/uploads\/sites\/308\/2024\/06\/444236948_437663809019207_8750282031452770411_n-1229x1536.jpg 1229w, https:\/\/clg-peguy-lechesnay.ac-versailles.fr\/wp-content\/uploads\/sites\/308\/2024\/06\/444236948_437663809019207_8750282031452770411_n.jpg 1536w\" sizes=\"auto, (max-width: 240px) 100vw, 240px\" \/><\/a><\/figure>\n\n\n\n<figure class=\"wp-block-image size-medium\"><a href=\"https:\/\/clg-peguy-lechesnay.ac-versailles.fr\/wp-content\/uploads\/sites\/308\/2024\/06\/445228406_437665022352419_8482127998048048384_n.jpg\" target=\"_blank\" rel=\"noopener\"><img loading=\"lazy\" decoding=\"async\" width=\"300\" height=\"300\" data-id=\"9367\" src=\"https:\/\/clg-peguy-lechesnay.ac-versailles.fr\/wp-content\/uploads\/sites\/308\/2024\/06\/445228406_437665022352419_8482127998048048384_n-300x300.jpg\" alt=\"\" class=\"wp-image-9367\" srcset=\"https:\/\/clg-peguy-lechesnay.ac-versailles.fr\/wp-content\/uploads\/sites\/308\/2024\/06\/445228406_437665022352419_8482127998048048384_n-300x300.jpg 300w, https:\/\/clg-peguy-lechesnay.ac-versailles.fr\/wp-content\/uploads\/sites\/308\/2024\/06\/445228406_437665022352419_8482127998048048384_n-1024x1024.jpg 1024w, https:\/\/clg-peguy-lechesnay.ac-versailles.fr\/wp-content\/uploads\/sites\/308\/2024\/06\/445228406_437665022352419_8482127998048048384_n-200x200.jpg 200w, https:\/\/clg-peguy-lechesnay.ac-versailles.fr\/wp-content\/uploads\/sites\/308\/2024\/06\/445228406_437665022352419_8482127998048048384_n-768x768.jpg 768w, https:\/\/clg-peguy-lechesnay.ac-versailles.fr\/wp-content\/uploads\/sites\/308\/2024\/06\/445228406_437665022352419_8482127998048048384_n-150x150.jpg 150w, https:\/\/clg-peguy-lechesnay.ac-versailles.fr\/wp-content\/uploads\/sites\/308\/2024\/06\/445228406_437665022352419_8482127998048048384_n.jpg 1536w\" sizes=\"auto, (max-width: 300px) 100vw, 300px\" \/><\/a><\/figure>\n\n\n\n<figure class=\"wp-block-image size-medium\"><a href=\"https:\/\/clg-peguy-lechesnay.ac-versailles.fr\/wp-content\/uploads\/sites\/308\/2024\/06\/445756046_437678545684400_51794772523834633_n.jpg\" target=\"_blank\" rel=\"noopener\"><img loading=\"lazy\" decoding=\"async\" width=\"300\" height=\"300\" data-id=\"9366\" src=\"https:\/\/clg-peguy-lechesnay.ac-versailles.fr\/wp-content\/uploads\/sites\/308\/2024\/06\/445756046_437678545684400_51794772523834633_n-300x300.jpg\" alt=\"\" class=\"wp-image-9366\" srcset=\"https:\/\/clg-peguy-lechesnay.ac-versailles.fr\/wp-content\/uploads\/sites\/308\/2024\/06\/445756046_437678545684400_51794772523834633_n-300x300.jpg 300w, https:\/\/clg-peguy-lechesnay.ac-versailles.fr\/wp-content\/uploads\/sites\/308\/2024\/06\/445756046_437678545684400_51794772523834633_n-1024x1024.jpg 1024w, https:\/\/clg-peguy-lechesnay.ac-versailles.fr\/wp-content\/uploads\/sites\/308\/2024\/06\/445756046_437678545684400_51794772523834633_n-200x200.jpg 200w, https:\/\/clg-peguy-lechesnay.ac-versailles.fr\/wp-content\/uploads\/sites\/308\/2024\/06\/445756046_437678545684400_51794772523834633_n-768x768.jpg 768w, https:\/\/clg-peguy-lechesnay.ac-versailles.fr\/wp-content\/uploads\/sites\/308\/2024\/06\/445756046_437678545684400_51794772523834633_n-150x150.jpg 150w, https:\/\/clg-peguy-lechesnay.ac-versailles.fr\/wp-content\/uploads\/sites\/308\/2024\/06\/445756046_437678545684400_51794772523834633_n.jpg 1536w\" sizes=\"auto, (max-width: 300px) 100vw, 300px\" \/><\/a><\/figure>\n<\/figure>\n","protected":false},"excerpt":{"rendered":"<p>Une exp\u00e9rimentation coordonn\u00e9e par l\u2019\u00c9ducation nationale et la gendarmerie aupr\u00e8s des \u00e9l\u00e8ves du coll\u00e8ge Charles-P\u00e9guy du\u00a0Chesnay-Rocquencourt. Nous avons eu la<\/p>\n","protected":false},"author":2028,"featured_media":9368,"comment_status":"closed","ping_status":"closed","sticky":false,"template":"","format":"standard","meta":{"colormag_page_container_layout":"default_layout","colormag_page_sidebar_layout":"default_layout","_crdt_document":"","footnotes":""},"categories":[4,48,44,45],"tags":[],"class_list":["post-9362","post","type-post","status-publish","format-standard","has-post-thumbnail","hentry","category-actualites","category-medias","category-parcours-citoyen","category-sante"],"_links":{"self":[{"href":"https:\/\/clg-peguy-lechesnay.ac-versailles.fr\/index.php?rest_route=\/wp\/v2\/posts\/9362","targetHints":{"allow":["GET"]}}],"collection":[{"href":"https:\/\/clg-peguy-lechesnay.ac-versailles.fr\/index.php?rest_route=\/wp\/v2\/posts"}],"about":[{"href":"https:\/\/clg-peguy-lechesnay.ac-versailles.fr\/index.php?rest_route=\/wp\/v2\/types\/post"}],"author":[{"embeddable":true,"href":"https:\/\/clg-peguy-lechesnay.ac-versailles.fr\/index.php?rest_route=\/wp\/v2\/users\/2028"}],"replies":[{"embeddable":true,"href":"https:\/\/clg-peguy-lechesnay.ac-versailles.fr\/index.php?rest_route=%2Fwp%2Fv2%2Fcomments&post=9362"}],"version-history":[{"count":2,"href":"https:\/\/clg-peguy-lechesnay.ac-versailles.fr\/index.php?rest_route=\/wp\/v2\/posts\/9362\/revisions"}],"predecessor-version":[{"id":9370,"href":"https:\/\/clg-peguy-lechesnay.ac-versailles.fr\/index.php?rest_route=\/wp\/v2\/posts\/9362\/revisions\/9370"}],"wp:featuredmedia":[{"embeddable":true,"href":"https:\/\/clg-peguy-lechesnay.ac-versailles.fr\/index.php?rest_route=\/wp\/v2\/media\/9368"}],"wp:attachment":[{"href":"https:\/\/clg-peguy-lechesnay.ac-versailles.fr\/index.php?rest_route=%2Fwp%2Fv2%2Fmedia&parent=9362"}],"wp:term":[{"taxonomy":"category","embeddable":true,"href":"https:\/\/clg-peguy-lechesnay.ac-versailles.fr\/index.php?rest_route=%2Fwp%2Fv2%2Fcategories&post=9362"},{"taxonomy":"post_tag","embeddable":true,"href":"https:\/\/clg-peguy-lechesnay.ac-versailles.fr\/index.php?rest_route=%2Fwp%2Fv2%2Ftags&post=9362"}],"curies":[{"name":"wp","href":"https:\/\/api.w.org\/{rel}","templated":true}]}}