{"id":8508,"date":"2023-11-10T14:22:03","date_gmt":"2023-11-10T13:22:03","guid":{"rendered":"https:\/\/clg-peguy-lechesnay.ac-versailles.fr\/?p=8508"},"modified":"2025-01-03T11:00:04","modified_gmt":"2025-01-03T10:00:04","slug":"09-novembre-journee-nationale-contre-le-harcelement","status":"publish","type":"post","link":"https:\/\/clg-peguy-lechesnay.ac-versailles.fr\/?p=8508","title":{"rendered":"09 novembre : journ\u00e9e nationale contre le harc\u00e8lement !"},"content":{"rendered":"\n<div class=\"xdj266r x11i5rnm xat24cr x1mh8g0r x1vvkbs x126k92a\">\n<div dir=\"auto\">Tous en blanc contre le harc\u00e8lement !<\/div>\n<div dir=\"auto\">&nbsp;<\/div>\n<\/div>\n\n\n\n<div class=\"wp-block-media-text is-stacked-on-mobile\" style=\"grid-template-columns:15% auto\"><figure class=\"wp-block-media-text__media\"><img loading=\"lazy\" decoding=\"async\" width=\"768\" height=\"1024\" src=\"https:\/\/clg-peguy-lechesnay.ac-versailles.fr\/wp-content\/uploads\/sites\/308\/2023\/11\/400193048_319700030815586_5852230337441688043_n-768x1024.jpg\" alt=\"\" class=\"wp-image-8512 size-full\" srcset=\"https:\/\/clg-peguy-lechesnay.ac-versailles.fr\/wp-content\/uploads\/sites\/308\/2023\/11\/400193048_319700030815586_5852230337441688043_n-768x1024.jpg 768w, https:\/\/clg-peguy-lechesnay.ac-versailles.fr\/wp-content\/uploads\/sites\/308\/2023\/11\/400193048_319700030815586_5852230337441688043_n-225x300.jpg 225w, https:\/\/clg-peguy-lechesnay.ac-versailles.fr\/wp-content\/uploads\/sites\/308\/2023\/11\/400193048_319700030815586_5852230337441688043_n-1152x1536.jpg 1152w, https:\/\/clg-peguy-lechesnay.ac-versailles.fr\/wp-content\/uploads\/sites\/308\/2023\/11\/400193048_319700030815586_5852230337441688043_n.jpg 1536w\" sizes=\"auto, (max-width: 768px) 100vw, 768px\" \/><\/figure><div class=\"wp-block-media-text__content\">\n<p class=\"wp-block-paragraph\">Aid\u00e9s de leurs professeurs, les \u00e9l\u00e8ves ont affich\u00e9 dans les couloirs et sur les portes du coll\u00e8ge des petits mots bienveillants \u00e9crits sur des post-it.<\/p>\n<\/div><\/div>\n\n\n\n<div style=\"height:20px\" aria-hidden=\"true\" class=\"wp-block-spacer\"><\/div>\n\n\n\n<figure class=\"wp-block-gallery has-nested-images columns-4 is-cropped wp-block-gallery-1 is-layout-flex wp-block-gallery-is-layout-flex\">\n<figure class=\"wp-block-image size-full\"><a href=\"https:\/\/clg-peguy-lechesnay.ac-versailles.fr\/wp-content\/uploads\/sites\/308\/2023\/11\/IMG_10241.jpg\" target=\"_blank\" rel=\"noopener\"><img loading=\"lazy\" decoding=\"async\" width=\"1200\" height=\"1600\" data-id=\"8522\" src=\"https:\/\/clg-peguy-lechesnay.ac-versailles.fr\/wp-content\/uploads\/sites\/308\/2023\/11\/IMG_10241.jpg\" alt=\"\" class=\"wp-image-8522\" srcset=\"https:\/\/clg-peguy-lechesnay.ac-versailles.fr\/wp-content\/uploads\/sites\/308\/2023\/11\/IMG_10241.jpg 1200w, https:\/\/clg-peguy-lechesnay.ac-versailles.fr\/wp-content\/uploads\/sites\/308\/2023\/11\/IMG_10241-225x300.jpg 225w, https:\/\/clg-peguy-lechesnay.ac-versailles.fr\/wp-content\/uploads\/sites\/308\/2023\/11\/IMG_10241-768x1024.jpg 768w, https:\/\/clg-peguy-lechesnay.ac-versailles.fr\/wp-content\/uploads\/sites\/308\/2023\/11\/IMG_10241-1152x1536.jpg 1152w\" sizes=\"auto, (max-width: 1200px) 100vw, 1200px\" \/><\/a><\/figure>\n\n\n\n<figure class=\"wp-block-image size-large\"><a href=\"https:\/\/clg-peguy-lechesnay.ac-versailles.fr\/wp-content\/uploads\/sites\/308\/2023\/11\/IMG_10221.jpg\" target=\"_blank\" rel=\"noopener\"><img loading=\"lazy\" decoding=\"async\" width=\"768\" height=\"1024\" data-id=\"8521\" src=\"https:\/\/clg-peguy-lechesnay.ac-versailles.fr\/wp-content\/uploads\/sites\/308\/2023\/11\/IMG_10221.jpg\" alt=\"\" class=\"wp-image-8521\" srcset=\"https:\/\/clg-peguy-lechesnay.ac-versailles.fr\/wp-content\/uploads\/sites\/308\/2023\/11\/IMG_10221.jpg 768w, https:\/\/clg-peguy-lechesnay.ac-versailles.fr\/wp-content\/uploads\/sites\/308\/2023\/11\/IMG_10221-225x300.jpg 225w\" sizes=\"auto, (max-width: 768px) 100vw, 768px\" \/><\/a><\/figure>\n\n\n\n<figure class=\"wp-block-image size-large\"><a href=\"https:\/\/clg-peguy-lechesnay.ac-versailles.fr\/wp-content\/uploads\/sites\/308\/2023\/11\/rn_image_picker_lib_temp_89d98944-351c-4a2b-bb03-f477b9c9c25e-scaled.jpg\" target=\"_blank\" rel=\"noopener\"><img loading=\"lazy\" decoding=\"async\" width=\"768\" height=\"1024\" data-id=\"8523\" src=\"https:\/\/clg-peguy-lechesnay.ac-versailles.fr\/wp-content\/uploads\/sites\/308\/2023\/11\/rn_image_picker_lib_temp_89d98944-351c-4a2b-bb03-f477b9c9c25e-768x1024.jpg\" alt=\"\" class=\"wp-image-8523\" srcset=\"https:\/\/clg-peguy-lechesnay.ac-versailles.fr\/wp-content\/uploads\/sites\/308\/2023\/11\/rn_image_picker_lib_temp_89d98944-351c-4a2b-bb03-f477b9c9c25e-768x1024.jpg 768w, https:\/\/clg-peguy-lechesnay.ac-versailles.fr\/wp-content\/uploads\/sites\/308\/2023\/11\/rn_image_picker_lib_temp_89d98944-351c-4a2b-bb03-f477b9c9c25e-225x300.jpg 225w, https:\/\/clg-peguy-lechesnay.ac-versailles.fr\/wp-content\/uploads\/sites\/308\/2023\/11\/rn_image_picker_lib_temp_89d98944-351c-4a2b-bb03-f477b9c9c25e-1152x1536.jpg 1152w, https:\/\/clg-peguy-lechesnay.ac-versailles.fr\/wp-content\/uploads\/sites\/308\/2023\/11\/rn_image_picker_lib_temp_89d98944-351c-4a2b-bb03-f477b9c9c25e-1536x2048.jpg 1536w, https:\/\/clg-peguy-lechesnay.ac-versailles.fr\/wp-content\/uploads\/sites\/308\/2023\/11\/rn_image_picker_lib_temp_89d98944-351c-4a2b-bb03-f477b9c9c25e-scaled.jpg 1920w\" sizes=\"auto, (max-width: 768px) 100vw, 768px\" \/><\/a><\/figure>\n\n\n\n<figure class=\"wp-block-image size-large\"><a href=\"https:\/\/clg-peguy-lechesnay.ac-versailles.fr\/wp-content\/uploads\/sites\/308\/2023\/11\/rn_image_picker_lib_temp_76856bf4-4ca0-4247-a8b1-fa40a057eec3-scaled.jpg\" target=\"_blank\" rel=\"noopener\"><img loading=\"lazy\" decoding=\"async\" width=\"768\" height=\"1024\" data-id=\"8524\" src=\"https:\/\/clg-peguy-lechesnay.ac-versailles.fr\/wp-content\/uploads\/sites\/308\/2023\/11\/rn_image_picker_lib_temp_76856bf4-4ca0-4247-a8b1-fa40a057eec3-768x1024.jpg\" alt=\"\" class=\"wp-image-8524\" srcset=\"https:\/\/clg-peguy-lechesnay.ac-versailles.fr\/wp-content\/uploads\/sites\/308\/2023\/11\/rn_image_picker_lib_temp_76856bf4-4ca0-4247-a8b1-fa40a057eec3-768x1024.jpg 768w, https:\/\/clg-peguy-lechesnay.ac-versailles.fr\/wp-content\/uploads\/sites\/308\/2023\/11\/rn_image_picker_lib_temp_76856bf4-4ca0-4247-a8b1-fa40a057eec3-225x300.jpg 225w, https:\/\/clg-peguy-lechesnay.ac-versailles.fr\/wp-content\/uploads\/sites\/308\/2023\/11\/rn_image_picker_lib_temp_76856bf4-4ca0-4247-a8b1-fa40a057eec3-1152x1536.jpg 1152w, https:\/\/clg-peguy-lechesnay.ac-versailles.fr\/wp-content\/uploads\/sites\/308\/2023\/11\/rn_image_picker_lib_temp_76856bf4-4ca0-4247-a8b1-fa40a057eec3-1536x2048.jpg 1536w, https:\/\/clg-peguy-lechesnay.ac-versailles.fr\/wp-content\/uploads\/sites\/308\/2023\/11\/rn_image_picker_lib_temp_76856bf4-4ca0-4247-a8b1-fa40a057eec3-scaled.jpg 1920w\" sizes=\"auto, (max-width: 768px) 100vw, 768px\" \/><\/a><\/figure>\n<\/figure>\n\n\n\n<div class=\"x11i5rnm xat24cr x1mh8g0r x1vvkbs xtlvy1s x126k92a\">\n<div dir=\"auto\"><\/div>\n<div dir=\"auto\">&nbsp;<\/div>\n<\/div>\n\n\n\n<div class=\"wp-block-media-text has-media-on-the-right is-stacked-on-mobile\" style=\"grid-template-columns:auto 20%\"><div class=\"wp-block-media-text__content\">\n<p class=\"wp-block-paragraph\">Le service jeunesse de la Mairie du Chesnay-Rocquencourt est venue en appui \u00e0 cet \u00e9lan d&rsquo;investissement, encadrer la r\u00e9alisation d&rsquo;un mur d&rsquo;expression et propose une relecture de l&rsquo;affiche \u00ab\u00a010 conseils contre le harc\u00e8lement\u00a0\u00bb sur la pause m\u00e9ridienne.<\/p>\n<\/div><figure class=\"wp-block-media-text__media\"><img loading=\"lazy\" decoding=\"async\" width=\"768\" height=\"1024\" src=\"https:\/\/clg-peguy-lechesnay.ac-versailles.fr\/wp-content\/uploads\/sites\/308\/2023\/11\/400186280_319700010815588_3413295359850762350_n-768x1024.jpg\" alt=\"\" class=\"wp-image-8514 size-full\" srcset=\"https:\/\/clg-peguy-lechesnay.ac-versailles.fr\/wp-content\/uploads\/sites\/308\/2023\/11\/400186280_319700010815588_3413295359850762350_n-768x1024.jpg 768w, https:\/\/clg-peguy-lechesnay.ac-versailles.fr\/wp-content\/uploads\/sites\/308\/2023\/11\/400186280_319700010815588_3413295359850762350_n-225x300.jpg 225w, https:\/\/clg-peguy-lechesnay.ac-versailles.fr\/wp-content\/uploads\/sites\/308\/2023\/11\/400186280_319700010815588_3413295359850762350_n-1152x1536.jpg 1152w, https:\/\/clg-peguy-lechesnay.ac-versailles.fr\/wp-content\/uploads\/sites\/308\/2023\/11\/400186280_319700010815588_3413295359850762350_n.jpg 1536w\" sizes=\"auto, (max-width: 768px) 100vw, 768px\" \/><\/figure><\/div>\n\n\n\n<div class=\"x11i5rnm xat24cr x1mh8g0r x1vvkbs xtlvy1s x126k92a\">\n<div dir=\"auto\">Entre le jeudi 9 novembre et le mercredi 15 novembre, un temps scolaire sera banalis\u00e9 pour proposer \u00e0 tous les coll\u00e9giens de remplir une grille d\u2019auto-\u00e9valuation non nominative pour \u00e9valuer s\u2019ils sont susceptibles d\u2019\u00eatre victimes de harc\u00e8lement scolaire.<\/div>\n<\/div>\n\n\n\n<div style=\"height:20px\" aria-hidden=\"true\" class=\"wp-block-spacer\"><\/div>\n\n\n\n<p class=\"wp-block-paragraph\">\ud83c\udf99\ufe0f<strong>Les \u00e9l\u00e8ves de webradio en ont profit\u00e9 pour publier un podcast !<\/strong> \ud83d\udc4f\ud83d\udd1d<\/p>\n\n\n\n<figure class=\"wp-block-audio\"><audio controls src=\"https:\/\/clg-peguy-lechesnay.ac-versailles.fr\/wp-content\/uploads\/sites\/308\/2023\/11\/Podcast-journee-contre-le-harcelement.mp3\"><\/audio><\/figure>\n\n\n\n<figure class=\"wp-block-image size-large\"><a href=\"https:\/\/clg-peguy-lechesnay.ac-versailles.fr\/wp-content\/uploads\/sites\/308\/2023\/11\/400806992_319699637482292_4205240037114398049_n.jpg\" target=\"_blank\" rel=\"noreferrer noopener\"><img loading=\"lazy\" decoding=\"async\" width=\"1024\" height=\"675\" src=\"https:\/\/clg-peguy-lechesnay.ac-versailles.fr\/wp-content\/uploads\/sites\/308\/2023\/11\/400806992_319699637482292_4205240037114398049_n-1024x675.jpg\" alt=\"\" class=\"wp-image-8509\" srcset=\"https:\/\/clg-peguy-lechesnay.ac-versailles.fr\/wp-content\/uploads\/sites\/308\/2023\/11\/400806992_319699637482292_4205240037114398049_n-1024x675.jpg 1024w, https:\/\/clg-peguy-lechesnay.ac-versailles.fr\/wp-content\/uploads\/sites\/308\/2023\/11\/400806992_319699637482292_4205240037114398049_n-455x300.jpg 455w, https:\/\/clg-peguy-lechesnay.ac-versailles.fr\/wp-content\/uploads\/sites\/308\/2023\/11\/400806992_319699637482292_4205240037114398049_n-768x506.jpg 768w, https:\/\/clg-peguy-lechesnay.ac-versailles.fr\/wp-content\/uploads\/sites\/308\/2023\/11\/400806992_319699637482292_4205240037114398049_n-1536x1012.jpg 1536w, https:\/\/clg-peguy-lechesnay.ac-versailles.fr\/wp-content\/uploads\/sites\/308\/2023\/11\/400806992_319699637482292_4205240037114398049_n.jpg 2048w\" sizes=\"auto, (max-width: 1024px) 100vw, 1024px\" \/><\/a><\/figure>\n","protected":false},"excerpt":{"rendered":"<p>Tous en blanc contre le harc\u00e8lement ! &nbsp; Aid\u00e9s de leurs professeurs, les \u00e9l\u00e8ves ont affich\u00e9 dans les couloirs et<\/p>\n","protected":false},"author":2028,"featured_media":8516,"comment_status":"closed","ping_status":"closed","sticky":false,"template":"","format":"standard","meta":{"colormag_page_container_layout":"default_layout","colormag_page_sidebar_layout":"default_layout","_crdt_document":"","footnotes":""},"categories":[4],"tags":[],"class_list":["post-8508","post","type-post","status-publish","format-standard","has-post-thumbnail","hentry","category-actualites"],"_links":{"self":[{"href":"https:\/\/clg-peguy-lechesnay.ac-versailles.fr\/index.php?rest_route=\/wp\/v2\/posts\/8508","targetHints":{"allow":["GET"]}}],"collection":[{"href":"https:\/\/clg-peguy-lechesnay.ac-versailles.fr\/index.php?rest_route=\/wp\/v2\/posts"}],"about":[{"href":"https:\/\/clg-peguy-lechesnay.ac-versailles.fr\/index.php?rest_route=\/wp\/v2\/types\/post"}],"author":[{"embeddable":true,"href":"https:\/\/clg-peguy-lechesnay.ac-versailles.fr\/index.php?rest_route=\/wp\/v2\/users\/2028"}],"replies":[{"embeddable":true,"href":"https:\/\/clg-peguy-lechesnay.ac-versailles.fr\/index.php?rest_route=%2Fwp%2Fv2%2Fcomments&post=8508"}],"version-history":[{"count":10,"href":"https:\/\/clg-peguy-lechesnay.ac-versailles.fr\/index.php?rest_route=\/wp\/v2\/posts\/8508\/revisions"}],"predecessor-version":[{"id":9993,"href":"https:\/\/clg-peguy-lechesnay.ac-versailles.fr\/index.php?rest_route=\/wp\/v2\/posts\/8508\/revisions\/9993"}],"wp:featuredmedia":[{"embeddable":true,"href":"https:\/\/clg-peguy-lechesnay.ac-versailles.fr\/index.php?rest_route=\/wp\/v2\/media\/8516"}],"wp:attachment":[{"href":"https:\/\/clg-peguy-lechesnay.ac-versailles.fr\/index.php?rest_route=%2Fwp%2Fv2%2Fmedia&parent=8508"}],"wp:term":[{"taxonomy":"category","embeddable":true,"href":"https:\/\/clg-peguy-lechesnay.ac-versailles.fr\/index.php?rest_route=%2Fwp%2Fv2%2Fcategories&post=8508"},{"taxonomy":"post_tag","embeddable":true,"href":"https:\/\/clg-peguy-lechesnay.ac-versailles.fr\/index.php?rest_route=%2Fwp%2Fv2%2Ftags&post=8508"}],"curies":[{"name":"wp","href":"https:\/\/api.w.org\/{rel}","templated":true}]}}