{"id":8086,"date":"2023-06-01T17:28:06","date_gmt":"2023-06-01T15:28:06","guid":{"rendered":"http:\/\/www.clg-peguy-lechesnay.ac-versailles.fr\/?p=8086"},"modified":"2023-07-17T17:36:26","modified_gmt":"2023-07-17T15:36:26","slug":"les-filles-continuent-laventure-avec-la-finale-academique-de-handball","status":"publish","type":"post","link":"https:\/\/clg-peguy-lechesnay.ac-versailles.fr\/?p=8086","title":{"rendered":"Les filles continuent l&rsquo;aventure avec la finale acad\u00e9mique de Handball !"},"content":{"rendered":"<p><img loading=\"lazy\" decoding=\"async\" class=\"size-full wp-image-8087 alignright\" src=\"https:\/\/clg-peguy-lechesnay.ac-versailles.fr\/wp-content\/uploads\/sites\/308\/2023\/07\/Handball-acad-212x300-1.png\" alt=\"\" width=\"212\" height=\"300\" \/>Apr\u00e8s un tr\u00e8s beau parcours district puis d\u00e9partemental, avec un joli podium le 23 mai, nos benjamines filles cl\u00f4tureront leur saison avec la finale acad\u00e9mique le mercredi 7 juin. Il s&rsquo;agit d&rsquo;un tournoi r\u00e9unissant 2 \u00e9quipes de chaque d\u00e9partement (78, 91, 92, 95). Le tournoi se d\u00e9roule sur toute la journ\u00e9e (9h30-16h30) et nous vous attendons nombreux pour venir encourager les filles l&rsquo;apr\u00e8s-midi !!<\/p>\n","protected":false},"excerpt":{"rendered":"<p>Apr\u00e8s un tr\u00e8s beau parcours district puis d\u00e9partemental, avec un joli podium le 23 mai, nos benjamines filles cl\u00f4tureront leur<\/p>\n","protected":false},"author":2028,"featured_media":8088,"comment_status":"closed","ping_status":"closed","sticky":false,"template":"","format":"standard","meta":{"colormag_page_container_layout":"default_layout","colormag_page_sidebar_layout":"default_layout","_crdt_document":"","footnotes":""},"categories":[25,100],"tags":[],"class_list":["post-8086","post","type-post","status-publish","format-standard","has-post-thumbnail","hentry","category-as","category-as-hand"],"_links":{"self":[{"href":"https:\/\/clg-peguy-lechesnay.ac-versailles.fr\/index.php?rest_route=\/wp\/v2\/posts\/8086","targetHints":{"allow":["GET"]}}],"collection":[{"href":"https:\/\/clg-peguy-lechesnay.ac-versailles.fr\/index.php?rest_route=\/wp\/v2\/posts"}],"about":[{"href":"https:\/\/clg-peguy-lechesnay.ac-versailles.fr\/index.php?rest_route=\/wp\/v2\/types\/post"}],"author":[{"embeddable":true,"href":"https:\/\/clg-peguy-lechesnay.ac-versailles.fr\/index.php?rest_route=\/wp\/v2\/users\/2028"}],"replies":[{"embeddable":true,"href":"https:\/\/clg-peguy-lechesnay.ac-versailles.fr\/index.php?rest_route=%2Fwp%2Fv2%2Fcomments&post=8086"}],"version-history":[{"count":1,"href":"https:\/\/clg-peguy-lechesnay.ac-versailles.fr\/index.php?rest_route=\/wp\/v2\/posts\/8086\/revisions"}],"predecessor-version":[{"id":8089,"href":"https:\/\/clg-peguy-lechesnay.ac-versailles.fr\/index.php?rest_route=\/wp\/v2\/posts\/8086\/revisions\/8089"}],"wp:featuredmedia":[{"embeddable":true,"href":"https:\/\/clg-peguy-lechesnay.ac-versailles.fr\/index.php?rest_route=\/wp\/v2\/media\/8088"}],"wp:attachment":[{"href":"https:\/\/clg-peguy-lechesnay.ac-versailles.fr\/index.php?rest_route=%2Fwp%2Fv2%2Fmedia&parent=8086"}],"wp:term":[{"taxonomy":"category","embeddable":true,"href":"https:\/\/clg-peguy-lechesnay.ac-versailles.fr\/index.php?rest_route=%2Fwp%2Fv2%2Fcategories&post=8086"},{"taxonomy":"post_tag","embeddable":true,"href":"https:\/\/clg-peguy-lechesnay.ac-versailles.fr\/index.php?rest_route=%2Fwp%2Fv2%2Ftags&post=8086"}],"curies":[{"name":"wp","href":"https:\/\/api.w.org\/{rel}","templated":true}]}}