{"id":7024,"date":"2022-05-16T18:24:45","date_gmt":"2022-05-16T16:24:45","guid":{"rendered":"http:\/\/www.clg-peguy-lechesnay.ac-versailles.fr\/?p=7024"},"modified":"2022-12-02T18:29:06","modified_gmt":"2022-12-02T17:29:06","slug":"un-moment-inoubliable-pour-les-eleves-de-las-vtt","status":"publish","type":"post","link":"https:\/\/clg-peguy-lechesnay.ac-versailles.fr\/?p=7024","title":{"rendered":"Un moment inoubliable pour les \u00e9l\u00e8ves de l\u2019AS VTT !"},"content":{"rendered":"<p>Ils l\u2019ont r\u00eav\u00e9, ils l\u2019ont fait. Les \u00e9l\u00e8ves de l\u2019AS VTT ont eu la chance de pratiquer le BMX sur la future piste des Jeux Olympiques de Paris 2024.<\/p>\n<p>Mercredi 11 mai restera un moment fort de la vie coll\u00e9gienne pour cette poign\u00e9e d\u2019\u00e9l\u00e8ves. D\u00e8s notre d\u00e9part du coll\u00e8ge, les \u00e9l\u00e8ves \u00e9taient impatients \u00e0 l\u2019id\u00e9e de rouler sur la piste de BMX de Saint-Quentin en Yvelines.<\/p>\n<p>12h20 : d\u00e9part du coll\u00e8ge. C\u2019est parti pour 45 minutes de v\u00e9lo sur les pistes cyclables jusqu\u2019au v\u00e9lodrome. Une fois sur place, il faut prendre des forces, c\u2019est l\u2019heure du pique-nique. Les conditions sont r\u00e9unies pour passer un tr\u00e8s bel apr\u00e8s-midi\u2026. le ciel bleu, le soleil et des \u00e9l\u00e8ves avec le sourire !<\/p>\n<p>13h00 : il est l\u2019heure d\u2019entrer dans l\u2019ar\u00e8ne. Nous sommes accueillis par Romain, un moniteur tr\u00e8s sympa, souriant et bienveillant. Les \u00e9l\u00e8ves r\u00e9cup\u00e8rent le mat\u00e9riel de protection et le BMX. Imm\u00e9diatement, ils sont ravis de pouvoir donner les premiers coups de p\u00e9dales\u2026 acc\u00e9l\u00e9ration sur ligne droite, encha\u00eenement de bosses, virages\u2026 tout cela sur la piste d\u2019\u00e9chauffement.<\/p>\n<p>Quelques minutes plus tard, ils se dirigent vers la piste de BMX. L\u2019enthousiasme peut se lire sur leur visage, m\u00eame sous les casques. On \u00e9coute assid\u00fbment les conseils de Romain et c\u2019est parti !<\/p>\n<p>Apr\u00e8s quelques essais sur les bosses, on prend de la hauteur. Cinq m\u00e8tres plus haut, direction la rampe de d\u00e9part ! Certains font les gros yeux mais pour la majorit\u00e9 les zygomatiques fonctionnent tr\u00e8s bien.<\/p>\n<p>Romain l\u00e2che les \u00e9l\u00e8ves par vagues. En avant pour un, deux, trois puis quatre tours. Ils sont de plus en plus \u00e0 l\u2019aise, prennent un peu de vitesse et certaines roues commencent \u00e0 se lever.<\/p>\n<p>14h00 : Romain r\u00e9unit les \u00e9l\u00e8ves pour faire un d\u00e9brief et ranger le mat\u00e9riel. Les mots qui reviennent sont \u201cplaisir\u201d, \u201ckiff\u201d, \u201csuper\u201d, \u201cincroyable\u201d\u2026 que de superlatifs !<\/p>\n<p>14h30 : il est temps de rentrer. Le trajet retour se fait dans une tr\u00e8s bonne ambiance.<\/p>\n<p>15h15 : arriv\u00e9e au coll\u00e8ge. Les \u00e9l\u00e8ves repartent avec des souvenirs plein la t\u00eate.<\/p>\n<p>Allez l\u2019\u00e9quipe de France, on a test\u00e9 pour vous, la piste est super ! Bon entrainement et rendez-vous en 2024 !!!<\/p>\n","protected":false},"excerpt":{"rendered":"<p>Ils l\u2019ont r\u00eav\u00e9, ils l\u2019ont fait. Les \u00e9l\u00e8ves de l\u2019AS VTT ont eu la chance de pratiquer le BMX sur<\/p>\n","protected":false},"author":2028,"featured_media":7025,"comment_status":"closed","ping_status":"closed","sticky":false,"template":"","format":"standard","meta":{"colormag_page_container_layout":"default_layout","colormag_page_sidebar_layout":"default_layout","_crdt_document":"","footnotes":""},"categories":[25,101,71],"tags":[],"class_list":["post-7024","post","type-post","status-publish","format-standard","has-post-thumbnail","hentry","category-as","category-as-vtt","category-vie-associative"],"_links":{"self":[{"href":"https:\/\/clg-peguy-lechesnay.ac-versailles.fr\/index.php?rest_route=\/wp\/v2\/posts\/7024","targetHints":{"allow":["GET"]}}],"collection":[{"href":"https:\/\/clg-peguy-lechesnay.ac-versailles.fr\/index.php?rest_route=\/wp\/v2\/posts"}],"about":[{"href":"https:\/\/clg-peguy-lechesnay.ac-versailles.fr\/index.php?rest_route=\/wp\/v2\/types\/post"}],"author":[{"embeddable":true,"href":"https:\/\/clg-peguy-lechesnay.ac-versailles.fr\/index.php?rest_route=\/wp\/v2\/users\/2028"}],"replies":[{"embeddable":true,"href":"https:\/\/clg-peguy-lechesnay.ac-versailles.fr\/index.php?rest_route=%2Fwp%2Fv2%2Fcomments&post=7024"}],"version-history":[{"count":1,"href":"https:\/\/clg-peguy-lechesnay.ac-versailles.fr\/index.php?rest_route=\/wp\/v2\/posts\/7024\/revisions"}],"predecessor-version":[{"id":7026,"href":"https:\/\/clg-peguy-lechesnay.ac-versailles.fr\/index.php?rest_route=\/wp\/v2\/posts\/7024\/revisions\/7026"}],"wp:featuredmedia":[{"embeddable":true,"href":"https:\/\/clg-peguy-lechesnay.ac-versailles.fr\/index.php?rest_route=\/wp\/v2\/media\/7025"}],"wp:attachment":[{"href":"https:\/\/clg-peguy-lechesnay.ac-versailles.fr\/index.php?rest_route=%2Fwp%2Fv2%2Fmedia&parent=7024"}],"wp:term":[{"taxonomy":"category","embeddable":true,"href":"https:\/\/clg-peguy-lechesnay.ac-versailles.fr\/index.php?rest_route=%2Fwp%2Fv2%2Fcategories&post=7024"},{"taxonomy":"post_tag","embeddable":true,"href":"https:\/\/clg-peguy-lechesnay.ac-versailles.fr\/index.php?rest_route=%2Fwp%2Fv2%2Ftags&post=7024"}],"curies":[{"name":"wp","href":"https:\/\/api.w.org\/{rel}","templated":true}]}}