{"id":5902,"date":"2022-03-28T20:31:19","date_gmt":"2022-03-28T18:31:19","guid":{"rendered":"http:\/\/www.clg-peguy-lechesnay.ac-versailles.fr\/?p=5902"},"modified":"2022-04-13T12:24:50","modified_gmt":"2022-04-13T10:24:50","slug":"les-enseignants-se-forment-a-la-webradio","status":"publish","type":"post","link":"https:\/\/clg-peguy-lechesnay.ac-versailles.fr\/?p=5902","title":{"rendered":"Les enseignants se forment \u00e0 la webradio"},"content":{"rendered":"<p>Une quinzaine d&rsquo;enseignants suivent un stage de formation pour l&rsquo;usage de la webradio au niveau p\u00e9dagogique. Si la webradio vise \u00e0 renforcer chez les \u00e9l\u00e8ves des comp\u00e9tences transversales indispensables pour se rep\u00e9rer dans un monde o\u00f9 les vecteurs d\u2019information et de communication se multiplient, elle permet aussi d&rsquo;enrichir les apprentissages comme pour :<\/p>\n<ul>\n<li><a href=\"https:\/\/clg-peguy-lechesnay.ac-versailles.fr\/wp-content\/uploads\/sites\/308\/2022\/04\/20220328_121721.jpg\"><img loading=\"lazy\" decoding=\"async\" class=\"wp-image-5903  alignright\" src=\"https:\/\/clg-peguy-lechesnay.ac-versailles.fr\/wp-content\/uploads\/sites\/308\/2022\/04\/20220328_121721-200x200.jpg\" alt=\"\" width=\"139\" height=\"139\" \/><\/a>Am\u00e9liorer son expression personnelle,<\/li>\n<li>Travailler les langues \u00e9trang\u00e8res,<\/li>\n<li>Collaborer en \u00e9quipe,<\/li>\n<li>D\u00e9velopper son sens critique&#8230;<\/li>\n<\/ul>\n<p>La webradio est donc un nouveau m\u00e9dia scolaire qui vient compl\u00e9ter les solutions p\u00e9dagogiques de la radio traditionnelle. Gageons que les enseignants sauront en faire bon usage.<\/p>\n<p>Vous pouvez aussi retrouver les podcasts r\u00e9alis\u00e9s par le club webradio en allant visiter la <a href=\"https:\/\/clg-peguy-lechesnay.ac-versailles.fr\/?page_id=4925\" target=\"_blank\" rel=\"noopener\">Page webradio<\/a> pr\u00e9sente sur notre site du coll\u00e8ge.<\/p>\n","protected":false},"excerpt":{"rendered":"<p>Une quinzaine d&rsquo;enseignants suivent un stage de formation pour l&rsquo;usage de la webradio au niveau p\u00e9dagogique. Si la webradio vise<\/p>\n","protected":false},"author":2028,"featured_media":5908,"comment_status":"closed","ping_status":"closed","sticky":false,"template":"","format":"standard","meta":{"colormag_page_container_layout":"default_layout","colormag_page_sidebar_layout":"default_layout","_crdt_document":"","footnotes":""},"categories":[19,88],"tags":[],"class_list":["post-5902","post","type-post","status-publish","format-standard","has-post-thumbnail","hentry","category-tice","category-webradio"],"_links":{"self":[{"href":"https:\/\/clg-peguy-lechesnay.ac-versailles.fr\/index.php?rest_route=\/wp\/v2\/posts\/5902","targetHints":{"allow":["GET"]}}],"collection":[{"href":"https:\/\/clg-peguy-lechesnay.ac-versailles.fr\/index.php?rest_route=\/wp\/v2\/posts"}],"about":[{"href":"https:\/\/clg-peguy-lechesnay.ac-versailles.fr\/index.php?rest_route=\/wp\/v2\/types\/post"}],"author":[{"embeddable":true,"href":"https:\/\/clg-peguy-lechesnay.ac-versailles.fr\/index.php?rest_route=\/wp\/v2\/users\/2028"}],"replies":[{"embeddable":true,"href":"https:\/\/clg-peguy-lechesnay.ac-versailles.fr\/index.php?rest_route=%2Fwp%2Fv2%2Fcomments&post=5902"}],"version-history":[{"count":1,"href":"https:\/\/clg-peguy-lechesnay.ac-versailles.fr\/index.php?rest_route=\/wp\/v2\/posts\/5902\/revisions"}],"predecessor-version":[{"id":5909,"href":"https:\/\/clg-peguy-lechesnay.ac-versailles.fr\/index.php?rest_route=\/wp\/v2\/posts\/5902\/revisions\/5909"}],"wp:featuredmedia":[{"embeddable":true,"href":"https:\/\/clg-peguy-lechesnay.ac-versailles.fr\/index.php?rest_route=\/wp\/v2\/media\/5908"}],"wp:attachment":[{"href":"https:\/\/clg-peguy-lechesnay.ac-versailles.fr\/index.php?rest_route=%2Fwp%2Fv2%2Fmedia&parent=5902"}],"wp:term":[{"taxonomy":"category","embeddable":true,"href":"https:\/\/clg-peguy-lechesnay.ac-versailles.fr\/index.php?rest_route=%2Fwp%2Fv2%2Fcategories&post=5902"},{"taxonomy":"post_tag","embeddable":true,"href":"https:\/\/clg-peguy-lechesnay.ac-versailles.fr\/index.php?rest_route=%2Fwp%2Fv2%2Ftags&post=5902"}],"curies":[{"name":"wp","href":"https:\/\/api.w.org\/{rel}","templated":true}]}}