{"id":1114,"date":"2019-04-02T19:27:22","date_gmt":"2019-04-02T17:27:22","guid":{"rendered":"http:\/\/www.clg-peguy-lechesnay.ac-versailles.fr\/?p=1114"},"modified":"2019-04-03T17:10:23","modified_gmt":"2019-04-03T15:10:23","slug":"beaucoup-de-monde-lors-de-la-presentation-des-lycees-au-college","status":"publish","type":"post","link":"https:\/\/clg-peguy-lechesnay.ac-versailles.fr\/?p=1114","title":{"rendered":"Beaucoup de monde lors de la pr\u00e9sentation des lyc\u00e9es au coll\u00e8ge!"},"content":{"rendered":"<p>Le r\u00e9fectoire \u00e9tait pratiquement comble pour accueillir les proviseurs des lyc\u00e9es de Versailles.\u00a0 Parents et \u00e9l\u00e8ves de 3\u00e8mes sont venus s&rsquo;informer sur les diff\u00e9rentes sp\u00e9cialit\u00e9s propos\u00e9es par les \u00e9tablissements et ont pu poser leurs questions sur les modalit\u00e9s d&rsquo;affectations dans les lyc\u00e9es et sur l&rsquo;orientation.<\/p>\n","protected":false},"excerpt":{"rendered":"<p>Le r\u00e9fectoire \u00e9tait pratiquement comble pour accueillir les proviseurs des lyc\u00e9es de Versailles.\u00a0 Parents et \u00e9l\u00e8ves de 3\u00e8mes sont venus<\/p>\n","protected":false},"author":2028,"featured_media":1115,"comment_status":"closed","ping_status":"closed","sticky":false,"template":"","format":"standard","meta":{"colormag_page_container_layout":"default_layout","colormag_page_sidebar_layout":"default_layout","_crdt_document":"","footnotes":""},"categories":[4],"tags":[],"class_list":["post-1114","post","type-post","status-publish","format-standard","has-post-thumbnail","hentry","category-actualites"],"_links":{"self":[{"href":"https:\/\/clg-peguy-lechesnay.ac-versailles.fr\/index.php?rest_route=\/wp\/v2\/posts\/1114","targetHints":{"allow":["GET"]}}],"collection":[{"href":"https:\/\/clg-peguy-lechesnay.ac-versailles.fr\/index.php?rest_route=\/wp\/v2\/posts"}],"about":[{"href":"https:\/\/clg-peguy-lechesnay.ac-versailles.fr\/index.php?rest_route=\/wp\/v2\/types\/post"}],"author":[{"embeddable":true,"href":"https:\/\/clg-peguy-lechesnay.ac-versailles.fr\/index.php?rest_route=\/wp\/v2\/users\/2028"}],"replies":[{"embeddable":true,"href":"https:\/\/clg-peguy-lechesnay.ac-versailles.fr\/index.php?rest_route=%2Fwp%2Fv2%2Fcomments&post=1114"}],"version-history":[{"count":2,"href":"https:\/\/clg-peguy-lechesnay.ac-versailles.fr\/index.php?rest_route=\/wp\/v2\/posts\/1114\/revisions"}],"predecessor-version":[{"id":1123,"href":"https:\/\/clg-peguy-lechesnay.ac-versailles.fr\/index.php?rest_route=\/wp\/v2\/posts\/1114\/revisions\/1123"}],"wp:featuredmedia":[{"embeddable":true,"href":"https:\/\/clg-peguy-lechesnay.ac-versailles.fr\/index.php?rest_route=\/wp\/v2\/media\/1115"}],"wp:attachment":[{"href":"https:\/\/clg-peguy-lechesnay.ac-versailles.fr\/index.php?rest_route=%2Fwp%2Fv2%2Fmedia&parent=1114"}],"wp:term":[{"taxonomy":"category","embeddable":true,"href":"https:\/\/clg-peguy-lechesnay.ac-versailles.fr\/index.php?rest_route=%2Fwp%2Fv2%2Fcategories&post=1114"},{"taxonomy":"post_tag","embeddable":true,"href":"https:\/\/clg-peguy-lechesnay.ac-versailles.fr\/index.php?rest_route=%2Fwp%2Fv2%2Ftags&post=1114"}],"curies":[{"name":"wp","href":"https:\/\/api.w.org\/{rel}","templated":true}]}}