{"id":10754,"date":"2025-11-06T20:03:49","date_gmt":"2025-11-06T19:03:49","guid":{"rendered":"https:\/\/clg-peguy-lechesnay.ac-versailles.fr\/?p=10754"},"modified":"2025-11-19T20:07:54","modified_gmt":"2025-11-19T19:07:54","slug":"journee-nationale-de-lutte-contre-le-harcelement","status":"publish","type":"post","link":"https:\/\/clg-peguy-lechesnay.ac-versailles.fr\/?p=10754","title":{"rendered":"Journ\u00e9e Nationale de lutte contre le harc\u00e8lement"},"content":{"rendered":"<p data-pm-slice=\"1 1 []\">\u00a0M. le Directeur acad\u00e9mique accompagn\u00e9 de la Directrice acad\u00e9mique adjointe sont venus au coll\u00e8ge Charles P\u00e9guy \u00e0 l\u2019occasion de la journ\u00e9e nationale de lutte contre le harc\u00e8lement le 6 novembre. M. Delepierre, maire du Chesnay-Rocquencourt et vice-pr\u00e9sident du conseil d\u00e9partemental \u00e9tait \u00e9galement pr\u00e9sent, \u00e0 cette occasion.<\/p>\n<p data-pm-slice=\"1 1 []\"><img loading=\"lazy\" decoding=\"async\" class=\"aligncenter size-large wp-image-10756\" src=\"https:\/\/clg-peguy-lechesnay.ac-versailles.fr\/wp-content\/uploads\/sites\/308\/2025\/11\/579072234_819854457466805_4156447888231509214_n-1024x537.jpg\" alt=\"\" width=\"800\" height=\"420\" srcset=\"https:\/\/clg-peguy-lechesnay.ac-versailles.fr\/wp-content\/uploads\/sites\/308\/2025\/11\/579072234_819854457466805_4156447888231509214_n-1024x537.jpg 1024w, https:\/\/clg-peguy-lechesnay.ac-versailles.fr\/wp-content\/uploads\/sites\/308\/2025\/11\/579072234_819854457466805_4156447888231509214_n-500x262.jpg 500w, https:\/\/clg-peguy-lechesnay.ac-versailles.fr\/wp-content\/uploads\/sites\/308\/2025\/11\/579072234_819854457466805_4156447888231509214_n-768x402.jpg 768w, https:\/\/clg-peguy-lechesnay.ac-versailles.fr\/wp-content\/uploads\/sites\/308\/2025\/11\/579072234_819854457466805_4156447888231509214_n-1536x805.jpg 1536w, https:\/\/clg-peguy-lechesnay.ac-versailles.fr\/wp-content\/uploads\/sites\/308\/2025\/11\/579072234_819854457466805_4156447888231509214_n-390x205.jpg 390w, https:\/\/clg-peguy-lechesnay.ac-versailles.fr\/wp-content\/uploads\/sites\/308\/2025\/11\/579072234_819854457466805_4156447888231509214_n.jpg 2040w\" sizes=\"auto, (max-width: 800px) 100vw, 800px\" \/><\/p>\n<p>La politique de pr\u00e9vention et de gestion du harc\u00e8lement mise en \u0153uvre par l\u2019ensemble des personnels, ainsi que les diff\u00e9rentes actions men\u00e9es au sein de l\u2019\u00e9tablissement, ont \u00e9t\u00e9 pr\u00e9sent\u00e9es aux repr\u00e9sentants de l\u2019\u00c9tat\u00a0:<\/p>\n<p>\u00b7\u00a0\u00a0\u00a0\u00a0\u00a0\u00a0\u00a0\u00a0 Sensibilisation des \u00e9l\u00e8ves tout au long de leur parcours de coll\u00e9gien.\u00a0 Une rencontre avec la professeure de fran\u00e7ais, animatrice de notre Parcours 3R (Respect-Relation-Responsabilit\u00e9) \/ EVARS et des \u00e9l\u00e8ves ayant suivi cet enseignement s\u2019est tenue.<\/p>\n<p>\u00b7\u00a0\u00a0\u00a0\u00a0\u00a0\u00a0\u00a0\u00a0 D\u00e9tection et traitement des situations d\u2019intimidation. Une seconde rencontre avec des membres du CAB (Comit\u00e9 Action Bienveillance) qui traite les situations potentielles de harc\u00e8lement (l\u2019infirmi\u00e8re, le CPE et un professeur d\u2019histoire-g\u00e9ographie\/EMC).<\/p>\n<p><strong><em>Il a \u00e9t\u00e9 rappel\u00e9 qu\u2019en cas de fait av\u00e9r\u00e9 de harc\u00e8lement, le protocole national PHARE est mis en place.<\/em><\/strong><\/p>\n<p><img loading=\"lazy\" decoding=\"async\" class=\"aligncenter size-large wp-image-10757\" src=\"https:\/\/clg-peguy-lechesnay.ac-versailles.fr\/wp-content\/uploads\/sites\/308\/2025\/11\/c9bbe8a4-8f1b-4b2f-88b3-72d9c67a3790-1024x576.jpeg\" alt=\"\" width=\"800\" height=\"450\" srcset=\"https:\/\/clg-peguy-lechesnay.ac-versailles.fr\/wp-content\/uploads\/sites\/308\/2025\/11\/c9bbe8a4-8f1b-4b2f-88b3-72d9c67a3790-1024x576.jpeg 1024w, https:\/\/clg-peguy-lechesnay.ac-versailles.fr\/wp-content\/uploads\/sites\/308\/2025\/11\/c9bbe8a4-8f1b-4b2f-88b3-72d9c67a3790-500x281.jpeg 500w, https:\/\/clg-peguy-lechesnay.ac-versailles.fr\/wp-content\/uploads\/sites\/308\/2025\/11\/c9bbe8a4-8f1b-4b2f-88b3-72d9c67a3790-768x432.jpeg 768w, https:\/\/clg-peguy-lechesnay.ac-versailles.fr\/wp-content\/uploads\/sites\/308\/2025\/11\/c9bbe8a4-8f1b-4b2f-88b3-72d9c67a3790.jpeg 1440w\" sizes=\"auto, (max-width: 800px) 100vw, 800px\" \/><\/p>\n<p>\u00b7\u00a0\u00a0\u00a0\u00a0\u00a0\u00a0\u00a0\u00a0 \u00a0Actions p\u00e9dagogiques et \u00e9ducatives autour de la question du harc\u00e8lement. A titre d\u2019exemple, un travail d\u2019arts plastiques sur la r\u00e9alisation de Supers Poireaux, men\u00e9 par tous nos \u00e9l\u00e8ves de 6<sup>e<\/sup> \u00e0 \u00e9t\u00e9 pr\u00e9sent\u00e9 par deux \u00e9l\u00e8ves. Une action p\u00e9dagogique men\u00e9e par une professeure d\u2019anglais chaque ann\u00e9e \u00e0 l\u2019occasion de cette journ\u00e9e a \u00e9t\u00e9 \u00e9galement \u00e9voqu\u00e9e. Seules certaines actions ont pu \u00eatre pr\u00e9sent\u00e9es lors de cette s\u00e9ance, compte tenu du foisonnement des dispositifs existants au coll\u00e8ge.<\/p>\n<p>Le partenariat avec le service jeunesse de la commune du Chesnay-Rocquencourt, par son repr\u00e9sentant et M le Maire, a fait l\u2019objet d\u2019\u00e9changes dans le cadre des actions men\u00e9es avec Midi Jeux (ateliers de fabrication de pin\u2019s contre le harc\u00e8lement, jeux en lien avec le handicap, photos avec slogans marquants\u2026). A noter qu\u2019une participation au Prix \u00ab\u00a0Non au Harc\u00e8lement\u00a0\u00bb (laur\u00e9at du prix d\u00e9partemental 2025) est reconduite chaque ann\u00e9e.<\/p>\n<p>\u00b7\u00a0\u00a0\u00a0\u00a0\u00a0\u00a0\u00a0\u00a0 Le temps d\u2019observation de la r\u00e9cr\u00e9ation par le cort\u00e8ge d\u2019adulte a permis de constater l\u2019engagement des \u00e9l\u00e8ves et personnels autour de l\u2019appel \u00ab\u00a0Tous en Blanc, contre le harc\u00e8lement \u00bb, une mobilisation renouvel\u00e9e chaque ann\u00e9e au coll\u00e8ge.<\/p>\n<p style=\"text-align: right\">Mme Bonneau<\/p>\n<p style=\"text-align: right\">Principale adjointe<\/p>\n<p><img loading=\"lazy\" decoding=\"async\" class=\"aligncenter size-large wp-image-10758\" src=\"https:\/\/clg-peguy-lechesnay.ac-versailles.fr\/wp-content\/uploads\/sites\/308\/2025\/11\/4b85512b-2eb4-48b0-9260-4d62a718380c-1024x576.jpeg\" alt=\"\" width=\"800\" height=\"450\" srcset=\"https:\/\/clg-peguy-lechesnay.ac-versailles.fr\/wp-content\/uploads\/sites\/308\/2025\/11\/4b85512b-2eb4-48b0-9260-4d62a718380c-1024x576.jpeg 1024w, https:\/\/clg-peguy-lechesnay.ac-versailles.fr\/wp-content\/uploads\/sites\/308\/2025\/11\/4b85512b-2eb4-48b0-9260-4d62a718380c-500x281.jpeg 500w, https:\/\/clg-peguy-lechesnay.ac-versailles.fr\/wp-content\/uploads\/sites\/308\/2025\/11\/4b85512b-2eb4-48b0-9260-4d62a718380c-768x432.jpeg 768w, https:\/\/clg-peguy-lechesnay.ac-versailles.fr\/wp-content\/uploads\/sites\/308\/2025\/11\/4b85512b-2eb4-48b0-9260-4d62a718380c.jpeg 1440w\" sizes=\"auto, (max-width: 800px) 100vw, 800px\" \/><\/p>\n","protected":false},"excerpt":{"rendered":"<p>\u00a0M. le Directeur acad\u00e9mique accompagn\u00e9 de la Directrice acad\u00e9mique adjointe sont venus au coll\u00e8ge Charles P\u00e9guy \u00e0 l\u2019occasion de la<\/p>\n","protected":false},"author":2028,"featured_media":10755,"comment_status":"closed","ping_status":"closed","sticky":false,"template":"","format":"standard","meta":{"colormag_page_container_layout":"default_layout","colormag_page_sidebar_layout":"default_layout","_crdt_document":"","footnotes":""},"categories":[4,3],"tags":[],"class_list":["post-10754","post","type-post","status-publish","format-standard","has-post-thumbnail","hentry","category-actualites","category-infos"],"_links":{"self":[{"href":"https:\/\/clg-peguy-lechesnay.ac-versailles.fr\/index.php?rest_route=\/wp\/v2\/posts\/10754","targetHints":{"allow":["GET"]}}],"collection":[{"href":"https:\/\/clg-peguy-lechesnay.ac-versailles.fr\/index.php?rest_route=\/wp\/v2\/posts"}],"about":[{"href":"https:\/\/clg-peguy-lechesnay.ac-versailles.fr\/index.php?rest_route=\/wp\/v2\/types\/post"}],"author":[{"embeddable":true,"href":"https:\/\/clg-peguy-lechesnay.ac-versailles.fr\/index.php?rest_route=\/wp\/v2\/users\/2028"}],"replies":[{"embeddable":true,"href":"https:\/\/clg-peguy-lechesnay.ac-versailles.fr\/index.php?rest_route=%2Fwp%2Fv2%2Fcomments&post=10754"}],"version-history":[{"count":1,"href":"https:\/\/clg-peguy-lechesnay.ac-versailles.fr\/index.php?rest_route=\/wp\/v2\/posts\/10754\/revisions"}],"predecessor-version":[{"id":10759,"href":"https:\/\/clg-peguy-lechesnay.ac-versailles.fr\/index.php?rest_route=\/wp\/v2\/posts\/10754\/revisions\/10759"}],"wp:featuredmedia":[{"embeddable":true,"href":"https:\/\/clg-peguy-lechesnay.ac-versailles.fr\/index.php?rest_route=\/wp\/v2\/media\/10755"}],"wp:attachment":[{"href":"https:\/\/clg-peguy-lechesnay.ac-versailles.fr\/index.php?rest_route=%2Fwp%2Fv2%2Fmedia&parent=10754"}],"wp:term":[{"taxonomy":"category","embeddable":true,"href":"https:\/\/clg-peguy-lechesnay.ac-versailles.fr\/index.php?rest_route=%2Fwp%2Fv2%2Fcategories&post=10754"},{"taxonomy":"post_tag","embeddable":true,"href":"https:\/\/clg-peguy-lechesnay.ac-versailles.fr\/index.php?rest_route=%2Fwp%2Fv2%2Ftags&post=10754"}],"curies":[{"name":"wp","href":"https:\/\/api.w.org\/{rel}","templated":true}]}}